{"id":334,"date":"2025-12-24T12:15:58","date_gmt":"2025-12-24T12:15:58","guid":{"rendered":"https:\/\/www.moore.com.tr\/?p=334"},"modified":"2025-12-25T12:18:38","modified_gmt":"2025-12-25T12:18:38","slug":"2025-yili-4-gecici-vergi-doneminde-enflasyon-duzeltmesi-yapilmayacagi-hakkinda-teblig-yayimlanmistir","status":"publish","type":"post","link":"https:\/\/www.moore.com.tr\/tr\/2025-yili-4-gecici-vergi-doneminde-enflasyon-duzeltmesi-yapilmayacagi-hakkinda-teblig-yayimlanmistir\/","title":{"rendered":"2025 Y\u0131l\u0131 4. Ge\u00e7ici Vergi D\u00f6neminde Enflasyon D\u00fczeltmesi Yap\u0131lmayaca\u011f\u0131 Hakk\u0131nda Tebli\u011f Yay\u0131mlanm\u0131\u015ft\u0131r"},"content":{"rendered":"\n<p>Sirk\u00fcler 2025 &#8211; 068<\/p>\n\n\n\n<p><strong>2025 Y\u0131l\u0131 4. Ge\u00e7ici Vergi D\u00f6neminde Enflasyon D\u00fczeltmesi Yap\u0131lmayaca\u011f\u0131 Hakk\u0131nda Tebli\u011f Yay\u0131mlanm\u0131\u015ft\u0131r<\/strong><\/p>\n\n\n\n<p>24 Aral\u0131k 2025 tarihli ve 33117 say\u0131l\u0131 Resm\u00ee Gazete \u2019de yay\u0131mlanan 587 S\u0131ra No.lu Vergi Usul Kanunu Genel Tebli\u011fi ile 2025 y\u0131l\u0131 d\u00f6rd\u00fcnc\u00fc ge\u00e7ici vergi d\u00f6neminde enflasyon d\u00fczeltmesi yap\u0131lmayaca\u011f\u0131 a\u00e7\u0131klanm\u0131\u015ft\u0131r.<\/p>\n\n\n\n<p>Kendilerine \u00f6zel hesap d\u00f6nemi tayin edilen m\u00fckellefler ise, 2025 takvim y\u0131l\u0131 i\u00e7inde ba\u015flayan hesap d\u00f6nemine ait d\u00f6rd\u00fcnc\u00fc ge\u00e7ici vergi d\u00f6nemini dikkate alacaklard\u0131r.<\/p>\n\n\n\n<p>Enflasyon d\u00fczeltmesi yap\u0131lmamas\u0131 uygun bulunan d\u00f6neme ili\u015fkin verilecek ge\u00e7ici gelir\/kurumlar vergisi beyannamelerinin ekine bilan\u00e7o eklenmeyecektir.<\/p>\n\n\n\n<p>M\u00fcnhas\u0131ran s\u00fcrekli olarak i\u015flenmi\u015f alt\u0131n, g\u00fcm\u00fc\u015f al\u0131m-sat\u0131m\u0131 ve imali ile i\u015ftigal eden m\u00fckellefler ise her ge\u00e7ici vergi d\u00f6nemi sonu itibar\u0131yla enflasyon d\u00fczeltmesi yapma zorunluluklar\u0131 bulundu\u011fundan, 2025 hesap d\u00f6neminin d\u00f6rd\u00fcnc\u00fc ge\u00e7ici vergi d\u00f6nemi de d\u00e2hil olmak \u00fczere enflasyon d\u00fczeltmesi yapmaya devam edeceklerdir.<\/p>\n\n\n\n<p>S\u00f6z konusu tebli\u011fe a\u015fa\u011f\u0131daki linkten ula\u015fabilirsiniz.<\/p>\n\n\n\n<p>resmigazete.gov.tr\/eskiler\/2025\/12\/20251224-8.htm<\/p>\n\n\n\n<p>Sayg\u0131lar\u0131m\u0131zla<\/p>\n\n\n\n<p><\/p>\n","protected":false},"excerpt":{"rendered":"<p>Sirk\u00fcler 2025 &#8211; 068 2025 Y\u0131l\u0131 4. Ge\u00e7ici Vergi D\u00f6neminde Enflasyon D\u00fczeltmesi Yap\u0131lmayaca\u011f\u0131 Hakk\u0131nda Tebli\u011f Yay\u0131mlanm\u0131\u015ft\u0131r 24 Aral\u0131k 2025 tarihli ve 33117 say\u0131l\u0131 Resm\u00ee Gazete \u2019de yay\u0131mlanan 587 S\u0131ra No.lu Vergi Usul Kanunu Genel Tebli\u011fi ile 2025 y\u0131l\u0131 d\u00f6rd\u00fcnc\u00fc ge\u00e7ici vergi d\u00f6neminde enflasyon d\u00fczeltmesi yap\u0131lmayaca\u011f\u0131 a\u00e7\u0131klanm\u0131\u015ft\u0131r. Kendilerine \u00f6zel hesap d\u00f6nemi tayin edilen m\u00fckellefler ise, 2025 [&hellip;]<\/p>\n","protected":false},"author":19,"featured_media":335,"comment_status":"closed","ping_status":"open","sticky":false,"template":"","format":"standard","meta":{"_acf_changed":false,"footnotes":""},"categories":[15],"tags":[],"location":[],"class_list":["post-334","post","type-post","status-publish","format-standard","has-post-thumbnail","hentry","category-sirkuler"],"acf":[],"yoast_head":"<!-- This site is optimized with the Yoast SEO plugin v27.5 - https:\/\/yoast.com\/product\/yoast-seo-wordpress\/ -->\n<title>2025 Y\u0131l\u0131 4. Ge\u00e7ici Vergi D\u00f6neminde Enflasyon D\u00fczeltmesi Yap\u0131lmayaca\u011f\u0131 Hakk\u0131nda Tebli\u011f Yay\u0131mlanm\u0131\u015ft\u0131r - Moore T\u00fcrkiye<\/title>\n<meta name=\"robots\" content=\"index, follow, max-snippet:-1, max-image-preview:large, max-video-preview:-1\" \/>\n<link rel=\"canonical\" href=\"https:\/\/www.moore.com.tr\/tr\/2025-yili-4-gecici-vergi-doneminde-enflasyon-duzeltmesi-yapilmayacagi-hakkinda-teblig-yayimlanmistir\/\" \/>\n<meta property=\"og:locale\" content=\"tr_TR\" \/>\n<meta property=\"og:type\" content=\"article\" \/>\n<meta property=\"og:title\" content=\"2025 Y\u0131l\u0131 4. Ge\u00e7ici Vergi D\u00f6neminde Enflasyon D\u00fczeltmesi Yap\u0131lmayaca\u011f\u0131 Hakk\u0131nda Tebli\u011f Yay\u0131mlanm\u0131\u015ft\u0131r - Moore T\u00fcrkiye\" \/>\n<meta property=\"og:description\" content=\"Sirk\u00fcler 2025 &#8211; 068 2025 Y\u0131l\u0131 4. Ge\u00e7ici Vergi D\u00f6neminde Enflasyon D\u00fczeltmesi Yap\u0131lmayaca\u011f\u0131 Hakk\u0131nda Tebli\u011f Yay\u0131mlanm\u0131\u015ft\u0131r 24 Aral\u0131k 2025 tarihli ve 33117 say\u0131l\u0131 Resm\u00ee Gazete \u2019de yay\u0131mlanan 587 S\u0131ra No.lu Vergi Usul Kanunu Genel Tebli\u011fi ile 2025 y\u0131l\u0131 d\u00f6rd\u00fcnc\u00fc ge\u00e7ici vergi d\u00f6neminde enflasyon d\u00fczeltmesi yap\u0131lmayaca\u011f\u0131 a\u00e7\u0131klanm\u0131\u015ft\u0131r. Kendilerine \u00f6zel hesap d\u00f6nemi tayin edilen m\u00fckellefler ise, 2025 [&hellip;]\" \/>\n<meta property=\"og:url\" content=\"https:\/\/www.moore.com.tr\/tr\/2025-yili-4-gecici-vergi-doneminde-enflasyon-duzeltmesi-yapilmayacagi-hakkinda-teblig-yayimlanmistir\/\" \/>\n<meta property=\"og:site_name\" content=\"Moore T\u00fcrkiye\" \/>\n<meta property=\"article:published_time\" content=\"2025-12-24T12:15:58+00:00\" \/>\n<meta property=\"article:modified_time\" content=\"2025-12-25T12:18:38+00:00\" \/>\n<meta property=\"og:image\" content=\"https:\/\/www.moore.com.tr\/wp-content\/uploads\/sites\/5\/2025\/12\/2025-yili-4-gecici-vergi-doneminde-enflasyon-duzeltmesi-yapilmayacagi-hakkinda-teblig-yayimlanmistir.png\" \/>\n\t<meta property=\"og:image:width\" content=\"990\" \/>\n\t<meta property=\"og:image:height\" content=\"329\" \/>\n\t<meta property=\"og:image:type\" content=\"image\/png\" \/>\n<meta name=\"author\" content=\"Moore T\u00fcrkiye\" \/>\n<meta name=\"twitter:card\" content=\"summary_large_image\" \/>\n<meta name=\"twitter:label1\" content=\"Written by\" \/>\n\t<meta name=\"twitter:data1\" content=\"Moore T\u00fcrkiye\" \/>\n\t<meta name=\"twitter:label2\" content=\"Est. reading time\" \/>\n\t<meta name=\"twitter:data2\" content=\"1 dakika\" \/>\n<script type=\"application\/ld+json\" class=\"yoast-schema-graph\">{\"@context\":\"https:\\\/\\\/schema.org\",\"@graph\":[{\"@type\":\"Article\",\"@id\":\"https:\\\/\\\/www.moore.com.tr\\\/2025-yili-4-gecici-vergi-doneminde-enflasyon-duzeltmesi-yapilmayacagi-hakkinda-teblig-yayimlanmistir\\\/#article\",\"isPartOf\":{\"@id\":\"https:\\\/\\\/www.moore.com.tr\\\/2025-yili-4-gecici-vergi-doneminde-enflasyon-duzeltmesi-yapilmayacagi-hakkinda-teblig-yayimlanmistir\\\/\"},\"author\":{\"name\":\"Moore T\u00fcrkiye\",\"@id\":\"https:\\\/\\\/www.moore.com.tr\\\/#\\\/schema\\\/person\\\/b325e7b674231881f8bcfc8b6aa9ca2f\"},\"headline\":\"2025 Y\u0131l\u0131 4. Ge\u00e7ici Vergi D\u00f6neminde Enflasyon D\u00fczeltmesi Yap\u0131lmayaca\u011f\u0131 Hakk\u0131nda Tebli\u011f Yay\u0131mlanm\u0131\u015ft\u0131r\",\"datePublished\":\"2025-12-24T12:15:58+00:00\",\"dateModified\":\"2025-12-25T12:18:38+00:00\",\"mainEntityOfPage\":{\"@id\":\"https:\\\/\\\/www.moore.com.tr\\\/2025-yili-4-gecici-vergi-doneminde-enflasyon-duzeltmesi-yapilmayacagi-hakkinda-teblig-yayimlanmistir\\\/\"},\"wordCount\":219,\"image\":{\"@id\":\"https:\\\/\\\/www.moore.com.tr\\\/2025-yili-4-gecici-vergi-doneminde-enflasyon-duzeltmesi-yapilmayacagi-hakkinda-teblig-yayimlanmistir\\\/#primaryimage\"},\"thumbnailUrl\":\"https:\\\/\\\/www.moore.com.tr\\\/wp-content\\\/uploads\\\/sites\\\/5\\\/2025\\\/12\\\/2025-yili-4-gecici-vergi-doneminde-enflasyon-duzeltmesi-yapilmayacagi-hakkinda-teblig-yayimlanmistir.png\",\"articleSection\":[\"Sirk\u00fcler\"],\"inLanguage\":\"tr\"},{\"@type\":\"WebPage\",\"@id\":\"https:\\\/\\\/www.moore.com.tr\\\/2025-yili-4-gecici-vergi-doneminde-enflasyon-duzeltmesi-yapilmayacagi-hakkinda-teblig-yayimlanmistir\\\/\",\"url\":\"https:\\\/\\\/www.moore.com.tr\\\/2025-yili-4-gecici-vergi-doneminde-enflasyon-duzeltmesi-yapilmayacagi-hakkinda-teblig-yayimlanmistir\\\/\",\"name\":\"2025 Y\u0131l\u0131 4. Ge\u00e7ici Vergi D\u00f6neminde Enflasyon D\u00fczeltmesi Yap\u0131lmayaca\u011f\u0131 Hakk\u0131nda Tebli\u011f Yay\u0131mlanm\u0131\u015ft\u0131r - Moore T\u00fcrkiye\",\"isPartOf\":{\"@id\":\"https:\\\/\\\/www.moore.com.tr\\\/#website\"},\"primaryImageOfPage\":{\"@id\":\"https:\\\/\\\/www.moore.com.tr\\\/2025-yili-4-gecici-vergi-doneminde-enflasyon-duzeltmesi-yapilmayacagi-hakkinda-teblig-yayimlanmistir\\\/#primaryimage\"},\"image\":{\"@id\":\"https:\\\/\\\/www.moore.com.tr\\\/2025-yili-4-gecici-vergi-doneminde-enflasyon-duzeltmesi-yapilmayacagi-hakkinda-teblig-yayimlanmistir\\\/#primaryimage\"},\"thumbnailUrl\":\"https:\\\/\\\/www.moore.com.tr\\\/wp-content\\\/uploads\\\/sites\\\/5\\\/2025\\\/12\\\/2025-yili-4-gecici-vergi-doneminde-enflasyon-duzeltmesi-yapilmayacagi-hakkinda-teblig-yayimlanmistir.png\",\"datePublished\":\"2025-12-24T12:15:58+00:00\",\"dateModified\":\"2025-12-25T12:18:38+00:00\",\"author\":{\"@id\":\"https:\\\/\\\/www.moore.com.tr\\\/#\\\/schema\\\/person\\\/b325e7b674231881f8bcfc8b6aa9ca2f\"},\"breadcrumb\":{\"@id\":\"https:\\\/\\\/www.moore.com.tr\\\/2025-yili-4-gecici-vergi-doneminde-enflasyon-duzeltmesi-yapilmayacagi-hakkinda-teblig-yayimlanmistir\\\/#breadcrumb\"},\"inLanguage\":\"tr\",\"potentialAction\":[{\"@type\":\"ReadAction\",\"target\":[\"https:\\\/\\\/www.moore.com.tr\\\/2025-yili-4-gecici-vergi-doneminde-enflasyon-duzeltmesi-yapilmayacagi-hakkinda-teblig-yayimlanmistir\\\/\"]}]},{\"@type\":\"ImageObject\",\"inLanguage\":\"tr\",\"@id\":\"https:\\\/\\\/www.moore.com.tr\\\/2025-yili-4-gecici-vergi-doneminde-enflasyon-duzeltmesi-yapilmayacagi-hakkinda-teblig-yayimlanmistir\\\/#primaryimage\",\"url\":\"https:\\\/\\\/www.moore.com.tr\\\/wp-content\\\/uploads\\\/sites\\\/5\\\/2025\\\/12\\\/2025-yili-4-gecici-vergi-doneminde-enflasyon-duzeltmesi-yapilmayacagi-hakkinda-teblig-yayimlanmistir.png\",\"contentUrl\":\"https:\\\/\\\/www.moore.com.tr\\\/wp-content\\\/uploads\\\/sites\\\/5\\\/2025\\\/12\\\/2025-yili-4-gecici-vergi-doneminde-enflasyon-duzeltmesi-yapilmayacagi-hakkinda-teblig-yayimlanmistir.png\",\"width\":990,\"height\":329},{\"@type\":\"BreadcrumbList\",\"@id\":\"https:\\\/\\\/www.moore.com.tr\\\/2025-yili-4-gecici-vergi-doneminde-enflasyon-duzeltmesi-yapilmayacagi-hakkinda-teblig-yayimlanmistir\\\/#breadcrumb\",\"itemListElement\":[{\"@type\":\"ListItem\",\"position\":1,\"name\":\"Home\",\"item\":\"https:\\\/\\\/www.moore.com.tr\\\/\"},{\"@type\":\"ListItem\",\"position\":2,\"name\":\"2025 Y\u0131l\u0131 4. Ge\u00e7ici Vergi D\u00f6neminde Enflasyon D\u00fczeltmesi Yap\u0131lmayaca\u011f\u0131 Hakk\u0131nda Tebli\u011f Yay\u0131mlanm\u0131\u015ft\u0131r\"}]},{\"@type\":\"WebSite\",\"@id\":\"https:\\\/\\\/www.moore.com.tr\\\/#website\",\"url\":\"https:\\\/\\\/www.moore.com.tr\\\/\",\"name\":\"Moore T\u00fcrkiye\",\"description\":\"Bu, Moore T\u00fcrkiye&#039; nin ana sitesidir.\",\"potentialAction\":[{\"@type\":\"SearchAction\",\"target\":{\"@type\":\"EntryPoint\",\"urlTemplate\":\"https:\\\/\\\/www.moore.com.tr\\\/?s={search_term_string}\"},\"query-input\":{\"@type\":\"PropertyValueSpecification\",\"valueRequired\":true,\"valueName\":\"search_term_string\"}}],\"inLanguage\":\"tr\"},{\"@type\":\"Person\",\"@id\":\"https:\\\/\\\/www.moore.com.tr\\\/#\\\/schema\\\/person\\\/b325e7b674231881f8bcfc8b6aa9ca2f\",\"name\":\"Moore T\u00fcrkiye\",\"image\":{\"@type\":\"ImageObject\",\"inLanguage\":\"tr\",\"@id\":\"https:\\\/\\\/secure.gravatar.com\\\/avatar\\\/e767defd0ad511b9187825a14d10d9d83fb0c9aa42d19777d03c1f7f64da4df2?s=96&d=mm&r=g\",\"url\":\"https:\\\/\\\/secure.gravatar.com\\\/avatar\\\/e767defd0ad511b9187825a14d10d9d83fb0c9aa42d19777d03c1f7f64da4df2?s=96&d=mm&r=g\",\"contentUrl\":\"https:\\\/\\\/secure.gravatar.com\\\/avatar\\\/e767defd0ad511b9187825a14d10d9d83fb0c9aa42d19777d03c1f7f64da4df2?s=96&d=mm&r=g\",\"caption\":\"Moore T\u00fcrkiye\"},\"url\":\"https:\\\/\\\/www.moore.com.tr\\\/tr\\\/author\\\/eroltuzal\\\/\"}]}<\/script>\n<!-- \/ Yoast SEO plugin. -->","yoast_head_json":{"title":"2025 Y\u0131l\u0131 4. Ge\u00e7ici Vergi D\u00f6neminde Enflasyon D\u00fczeltmesi Yap\u0131lmayaca\u011f\u0131 Hakk\u0131nda Tebli\u011f Yay\u0131mlanm\u0131\u015ft\u0131r - Moore T\u00fcrkiye","robots":{"index":"index","follow":"follow","max-snippet":"max-snippet:-1","max-image-preview":"max-image-preview:large","max-video-preview":"max-video-preview:-1"},"canonical":"https:\/\/www.moore.com.tr\/tr\/2025-yili-4-gecici-vergi-doneminde-enflasyon-duzeltmesi-yapilmayacagi-hakkinda-teblig-yayimlanmistir\/","og_locale":"tr_TR","og_type":"article","og_title":"2025 Y\u0131l\u0131 4. Ge\u00e7ici Vergi D\u00f6neminde Enflasyon D\u00fczeltmesi Yap\u0131lmayaca\u011f\u0131 Hakk\u0131nda Tebli\u011f Yay\u0131mlanm\u0131\u015ft\u0131r - Moore T\u00fcrkiye","og_description":"Sirk\u00fcler 2025 &#8211; 068 2025 Y\u0131l\u0131 4. Ge\u00e7ici Vergi D\u00f6neminde Enflasyon D\u00fczeltmesi Yap\u0131lmayaca\u011f\u0131 Hakk\u0131nda Tebli\u011f Yay\u0131mlanm\u0131\u015ft\u0131r 24 Aral\u0131k 2025 tarihli ve 33117 say\u0131l\u0131 Resm\u00ee Gazete \u2019de yay\u0131mlanan 587 S\u0131ra No.lu Vergi Usul Kanunu Genel Tebli\u011fi ile 2025 y\u0131l\u0131 d\u00f6rd\u00fcnc\u00fc ge\u00e7ici vergi d\u00f6neminde enflasyon d\u00fczeltmesi yap\u0131lmayaca\u011f\u0131 a\u00e7\u0131klanm\u0131\u015ft\u0131r. Kendilerine \u00f6zel hesap d\u00f6nemi tayin edilen m\u00fckellefler ise, 2025 [&hellip;]","og_url":"https:\/\/www.moore.com.tr\/tr\/2025-yili-4-gecici-vergi-doneminde-enflasyon-duzeltmesi-yapilmayacagi-hakkinda-teblig-yayimlanmistir\/","og_site_name":"Moore T\u00fcrkiye","article_published_time":"2025-12-24T12:15:58+00:00","article_modified_time":"2025-12-25T12:18:38+00:00","og_image":[{"width":990,"height":329,"url":"https:\/\/www.moore.com.tr\/wp-content\/uploads\/sites\/5\/2025\/12\/2025-yili-4-gecici-vergi-doneminde-enflasyon-duzeltmesi-yapilmayacagi-hakkinda-teblig-yayimlanmistir.png","type":"image\/png"}],"author":"Moore T\u00fcrkiye","twitter_card":"summary_large_image","twitter_misc":{"Written by":"Moore T\u00fcrkiye","Est. reading time":"1 dakika"},"schema":{"@context":"https:\/\/schema.org","@graph":[{"@type":"Article","@id":"https:\/\/www.moore.com.tr\/2025-yili-4-gecici-vergi-doneminde-enflasyon-duzeltmesi-yapilmayacagi-hakkinda-teblig-yayimlanmistir\/#article","isPartOf":{"@id":"https:\/\/www.moore.com.tr\/2025-yili-4-gecici-vergi-doneminde-enflasyon-duzeltmesi-yapilmayacagi-hakkinda-teblig-yayimlanmistir\/"},"author":{"name":"Moore T\u00fcrkiye","@id":"https:\/\/www.moore.com.tr\/#\/schema\/person\/b325e7b674231881f8bcfc8b6aa9ca2f"},"headline":"2025 Y\u0131l\u0131 4. Ge\u00e7ici Vergi D\u00f6neminde Enflasyon D\u00fczeltmesi Yap\u0131lmayaca\u011f\u0131 Hakk\u0131nda Tebli\u011f Yay\u0131mlanm\u0131\u015ft\u0131r","datePublished":"2025-12-24T12:15:58+00:00","dateModified":"2025-12-25T12:18:38+00:00","mainEntityOfPage":{"@id":"https:\/\/www.moore.com.tr\/2025-yili-4-gecici-vergi-doneminde-enflasyon-duzeltmesi-yapilmayacagi-hakkinda-teblig-yayimlanmistir\/"},"wordCount":219,"image":{"@id":"https:\/\/www.moore.com.tr\/2025-yili-4-gecici-vergi-doneminde-enflasyon-duzeltmesi-yapilmayacagi-hakkinda-teblig-yayimlanmistir\/#primaryimage"},"thumbnailUrl":"https:\/\/www.moore.com.tr\/wp-content\/uploads\/sites\/5\/2025\/12\/2025-yili-4-gecici-vergi-doneminde-enflasyon-duzeltmesi-yapilmayacagi-hakkinda-teblig-yayimlanmistir.png","articleSection":["Sirk\u00fcler"],"inLanguage":"tr"},{"@type":"WebPage","@id":"https:\/\/www.moore.com.tr\/2025-yili-4-gecici-vergi-doneminde-enflasyon-duzeltmesi-yapilmayacagi-hakkinda-teblig-yayimlanmistir\/","url":"https:\/\/www.moore.com.tr\/2025-yili-4-gecici-vergi-doneminde-enflasyon-duzeltmesi-yapilmayacagi-hakkinda-teblig-yayimlanmistir\/","name":"2025 Y\u0131l\u0131 4. Ge\u00e7ici Vergi D\u00f6neminde Enflasyon D\u00fczeltmesi Yap\u0131lmayaca\u011f\u0131 Hakk\u0131nda Tebli\u011f Yay\u0131mlanm\u0131\u015ft\u0131r - Moore T\u00fcrkiye","isPartOf":{"@id":"https:\/\/www.moore.com.tr\/#website"},"primaryImageOfPage":{"@id":"https:\/\/www.moore.com.tr\/2025-yili-4-gecici-vergi-doneminde-enflasyon-duzeltmesi-yapilmayacagi-hakkinda-teblig-yayimlanmistir\/#primaryimage"},"image":{"@id":"https:\/\/www.moore.com.tr\/2025-yili-4-gecici-vergi-doneminde-enflasyon-duzeltmesi-yapilmayacagi-hakkinda-teblig-yayimlanmistir\/#primaryimage"},"thumbnailUrl":"https:\/\/www.moore.com.tr\/wp-content\/uploads\/sites\/5\/2025\/12\/2025-yili-4-gecici-vergi-doneminde-enflasyon-duzeltmesi-yapilmayacagi-hakkinda-teblig-yayimlanmistir.png","datePublished":"2025-12-24T12:15:58+00:00","dateModified":"2025-12-25T12:18:38+00:00","author":{"@id":"https:\/\/www.moore.com.tr\/#\/schema\/person\/b325e7b674231881f8bcfc8b6aa9ca2f"},"breadcrumb":{"@id":"https:\/\/www.moore.com.tr\/2025-yili-4-gecici-vergi-doneminde-enflasyon-duzeltmesi-yapilmayacagi-hakkinda-teblig-yayimlanmistir\/#breadcrumb"},"inLanguage":"tr","potentialAction":[{"@type":"ReadAction","target":["https:\/\/www.moore.com.tr\/2025-yili-4-gecici-vergi-doneminde-enflasyon-duzeltmesi-yapilmayacagi-hakkinda-teblig-yayimlanmistir\/"]}]},{"@type":"ImageObject","inLanguage":"tr","@id":"https:\/\/www.moore.com.tr\/2025-yili-4-gecici-vergi-doneminde-enflasyon-duzeltmesi-yapilmayacagi-hakkinda-teblig-yayimlanmistir\/#primaryimage","url":"https:\/\/www.moore.com.tr\/wp-content\/uploads\/sites\/5\/2025\/12\/2025-yili-4-gecici-vergi-doneminde-enflasyon-duzeltmesi-yapilmayacagi-hakkinda-teblig-yayimlanmistir.png","contentUrl":"https:\/\/www.moore.com.tr\/wp-content\/uploads\/sites\/5\/2025\/12\/2025-yili-4-gecici-vergi-doneminde-enflasyon-duzeltmesi-yapilmayacagi-hakkinda-teblig-yayimlanmistir.png","width":990,"height":329},{"@type":"BreadcrumbList","@id":"https:\/\/www.moore.com.tr\/2025-yili-4-gecici-vergi-doneminde-enflasyon-duzeltmesi-yapilmayacagi-hakkinda-teblig-yayimlanmistir\/#breadcrumb","itemListElement":[{"@type":"ListItem","position":1,"name":"Home","item":"https:\/\/www.moore.com.tr\/"},{"@type":"ListItem","position":2,"name":"2025 Y\u0131l\u0131 4. Ge\u00e7ici Vergi D\u00f6neminde Enflasyon D\u00fczeltmesi Yap\u0131lmayaca\u011f\u0131 Hakk\u0131nda Tebli\u011f Yay\u0131mlanm\u0131\u015ft\u0131r"}]},{"@type":"WebSite","@id":"https:\/\/www.moore.com.tr\/#website","url":"https:\/\/www.moore.com.tr\/","name":"Moore T\u00fcrkiye","description":"Bu, Moore T\u00fcrkiye&#039; nin ana sitesidir.","potentialAction":[{"@type":"SearchAction","target":{"@type":"EntryPoint","urlTemplate":"https:\/\/www.moore.com.tr\/?s={search_term_string}"},"query-input":{"@type":"PropertyValueSpecification","valueRequired":true,"valueName":"search_term_string"}}],"inLanguage":"tr"},{"@type":"Person","@id":"https:\/\/www.moore.com.tr\/#\/schema\/person\/b325e7b674231881f8bcfc8b6aa9ca2f","name":"Moore T\u00fcrkiye","image":{"@type":"ImageObject","inLanguage":"tr","@id":"https:\/\/secure.gravatar.com\/avatar\/e767defd0ad511b9187825a14d10d9d83fb0c9aa42d19777d03c1f7f64da4df2?s=96&d=mm&r=g","url":"https:\/\/secure.gravatar.com\/avatar\/e767defd0ad511b9187825a14d10d9d83fb0c9aa42d19777d03c1f7f64da4df2?s=96&d=mm&r=g","contentUrl":"https:\/\/secure.gravatar.com\/avatar\/e767defd0ad511b9187825a14d10d9d83fb0c9aa42d19777d03c1f7f64da4df2?s=96&d=mm&r=g","caption":"Moore T\u00fcrkiye"},"url":"https:\/\/www.moore.com.tr\/tr\/author\/eroltuzal\/"}]}},"_links":{"self":[{"href":"https:\/\/www.moore.com.tr\/tr\/wp-json\/wp\/v2\/posts\/334","targetHints":{"allow":["GET"]}}],"collection":[{"href":"https:\/\/www.moore.com.tr\/tr\/wp-json\/wp\/v2\/posts"}],"about":[{"href":"https:\/\/www.moore.com.tr\/tr\/wp-json\/wp\/v2\/types\/post"}],"author":[{"embeddable":true,"href":"https:\/\/www.moore.com.tr\/tr\/wp-json\/wp\/v2\/users\/19"}],"replies":[{"embeddable":true,"href":"https:\/\/www.moore.com.tr\/tr\/wp-json\/wp\/v2\/comments?post=334"}],"version-history":[{"count":0,"href":"https:\/\/www.moore.com.tr\/tr\/wp-json\/wp\/v2\/posts\/334\/revisions"}],"wp:featuredmedia":[{"embeddable":true,"href":"https:\/\/www.moore.com.tr\/tr\/wp-json\/wp\/v2\/media\/335"}],"wp:attachment":[{"href":"https:\/\/www.moore.com.tr\/tr\/wp-json\/wp\/v2\/media?parent=334"}],"wp:term":[{"taxonomy":"category","embeddable":true,"href":"https:\/\/www.moore.com.tr\/tr\/wp-json\/wp\/v2\/categories?post=334"},{"taxonomy":"post_tag","embeddable":true,"href":"https:\/\/www.moore.com.tr\/tr\/wp-json\/wp\/v2\/tags?post=334"},{"taxonomy":"location","embeddable":true,"href":"https:\/\/www.moore.com.tr\/tr\/wp-json\/wp\/v2\/location?post=334"}],"curies":[{"name":"wp","href":"https:\/\/api.w.org\/{rel}","templated":true}]}}