{"id":514,"date":"2026-01-22T08:33:24","date_gmt":"2026-01-22T08:33:24","guid":{"rendered":"https:\/\/www.moore.com.tr\/?p=514"},"modified":"2026-02-03T08:37:06","modified_gmt":"2026-02-03T08:37:06","slug":"31-12-2025-tarihi-itibariyle-yabanci-paralarin-degerlenmesinde-kullanilacak-kurlar-aciklandi","status":"publish","type":"post","link":"https:\/\/www.moore.com.tr\/tr\/31-12-2025-tarihi-itibariyle-yabanci-paralarin-degerlenmesinde-kullanilacak-kurlar-aciklandi\/","title":{"rendered":"31.12.2025 Tarihi \u0130tibariyle Yabanc\u0131 Paralar\u0131n De\u011ferlenmesinde Kullan\u0131lacak Kurlar A\u00e7\u0131kland\u0131"},"content":{"rendered":"\n<p>Sirk\u00fcler\u00a02026 &#8211; 020<br><br><strong>31.12.2025 Tarihi \u0130tibariyle Yabanc\u0131 Paralar\u0131n De\u011ferlenmesinde Kullan\u0131lacak Kurlar A\u00e7\u0131kland\u0131<\/strong><br><br>24 Ocak 2026 tarih\u00a0 ve 33147 say\u0131l\u0131 Resm\u00ee Gazete \u2019de yay\u0131mlanan 590 s\u0131ra numaral\u0131 Vergi Usul Kanunu Genel Tebli\u011fi ile borsada rayici olmayan yabanc\u0131 paralar\u0131n ve bu paralarla olan senetli ve senetsiz alacak ve bor\u00e7lar\u0131n 31 Aral\u0131k 2025 tarihi itibar\u0131yla de\u011ferlenmesinde dikkate al\u0131nmas\u0131 gereken kurlar a\u00e7\u0131klanm\u0131\u015ft\u0131r.<br><br>Maliye Bakanl\u0131\u011f\u0131nca kur ilan edilmedi\u011fi durumlarda T.C. Merkez Bankas\u0131nca ilan edilen kurlar\u0131n esas al\u0131nmas\u0131 gerekmektedir. Bu \u015fekilde yap\u0131lacak de\u011ferlemelerde efektif cinsinden yabanc\u0131 paralar i\u00e7in efektif al\u0131\u015f kuru (efektif al\u0131\u015f kurunun bulunmamas\u0131 halinde d\u00f6viz al\u0131\u015f kuru), d\u00f6viz cinsinden yabanc\u0131 paralar i\u00e7inse d\u00f6viz al\u0131\u015f kuru uygulan\u0131r.<br><br>Ancak, Vergi uygulamalar\u0131 a\u00e7\u0131s\u0131ndan bankalar\u0131n, 31\/12\/2025 tarihi itibar\u0131yla yapacaklar\u0131 de\u011ferleme s\u0131ras\u0131nda bu Tebli\u011f ile belirlenen kurlar yerine, T\u00fcrkiye Cumhuriyet Merkez Bankas\u0131nca belirlenen esaslara uygun olarak tespit ettikleri ve fiilen uygulad\u0131klar\u0131 al\u0131\u015f kurlar\u0131n\u0131 esas almalar\u0131 gerekir.<br><br>Tebli\u011f ile a\u00e7\u0131klanan kurlara a\u015fa\u011f\u0131daki linkten ula\u015fabilirsiniz. Tebli\u011f ile belirlenen Dolar, Euro ve Sterlin i\u00e7in d\u00f6viz al\u0131\u015f \u00a0kurlar\u0131 ise \u015fu \u015fekildedir.<br><br>1 ABD Dolar\u0131: 42,8623 TL (liste 1.s\u0131ra)<br>1 Euro: 50,4532 TL ( liste 98.s\u0131ra)<br>1 \u0130ngiliz Sterlini: 57,8159 TL (liste 39.s\u0131ra)<br><br><a href=\"https:\/\/link.setrowid.com\/system\/gopage.php?m=471&amp;l=20143033&amp;id=b35ffd9401bd97c1be149f4879fad064a18c6adf3c1c0572f5&amp;g=eba72d26502dd7673883\" target=\"_blank\" rel=\"noreferrer noopener\">https:\/\/www.resmigazete.gov.tr\/eskiler\/2026\/01\/20260124-4.htm<\/a><br><br>Sayg\u0131lar\u0131m\u0131zla<\/p>\n","protected":false},"excerpt":{"rendered":"<p>Sirk\u00fcler\u00a02026 &#8211; 020 31.12.2025 Tarihi \u0130tibariyle Yabanc\u0131 Paralar\u0131n De\u011ferlenmesinde Kullan\u0131lacak Kurlar A\u00e7\u0131kland\u0131 24 Ocak 2026 tarih\u00a0 ve 33147 say\u0131l\u0131 Resm\u00ee Gazete \u2019de yay\u0131mlanan 590 s\u0131ra numaral\u0131 Vergi Usul Kanunu Genel Tebli\u011fi ile borsada rayici olmayan yabanc\u0131 paralar\u0131n ve bu paralarla olan senetli ve senetsiz alacak ve bor\u00e7lar\u0131n 31 Aral\u0131k 2025 tarihi itibar\u0131yla de\u011ferlenmesinde dikkate al\u0131nmas\u0131 [&hellip;]<\/p>\n","protected":false},"author":19,"featured_media":515,"comment_status":"closed","ping_status":"open","sticky":false,"template":"","format":"standard","meta":{"_acf_changed":false,"footnotes":""},"categories":[15],"tags":[],"location":[],"class_list":["post-514","post","type-post","status-publish","format-standard","has-post-thumbnail","hentry","category-sirkuler"],"acf":[],"yoast_head":"<!-- This site is optimized with the Yoast SEO plugin v27.5 - https:\/\/yoast.com\/product\/yoast-seo-wordpress\/ -->\n<title>31.12.2025 Tarihi \u0130tibariyle Yabanc\u0131 Paralar\u0131n De\u011ferlenmesinde Kullan\u0131lacak Kurlar A\u00e7\u0131kland\u0131 - Moore T\u00fcrkiye<\/title>\n<meta name=\"robots\" content=\"index, follow, max-snippet:-1, max-image-preview:large, max-video-preview:-1\" \/>\n<link rel=\"canonical\" href=\"https:\/\/www.moore.com.tr\/tr\/31-12-2025-tarihi-itibariyle-yabanci-paralarin-degerlenmesinde-kullanilacak-kurlar-aciklandi\/\" \/>\n<meta property=\"og:locale\" content=\"tr_TR\" \/>\n<meta property=\"og:type\" content=\"article\" \/>\n<meta property=\"og:title\" content=\"31.12.2025 Tarihi \u0130tibariyle Yabanc\u0131 Paralar\u0131n De\u011ferlenmesinde Kullan\u0131lacak Kurlar A\u00e7\u0131kland\u0131 - Moore T\u00fcrkiye\" \/>\n<meta property=\"og:description\" content=\"Sirk\u00fcler\u00a02026 &#8211; 020 31.12.2025 Tarihi \u0130tibariyle Yabanc\u0131 Paralar\u0131n De\u011ferlenmesinde Kullan\u0131lacak Kurlar A\u00e7\u0131kland\u0131 24 Ocak 2026 tarih\u00a0 ve 33147 say\u0131l\u0131 Resm\u00ee Gazete \u2019de yay\u0131mlanan 590 s\u0131ra numaral\u0131 Vergi Usul Kanunu Genel Tebli\u011fi ile borsada rayici olmayan yabanc\u0131 paralar\u0131n ve bu paralarla olan senetli ve senetsiz alacak ve bor\u00e7lar\u0131n 31 Aral\u0131k 2025 tarihi itibar\u0131yla de\u011ferlenmesinde dikkate al\u0131nmas\u0131 [&hellip;]\" \/>\n<meta property=\"og:url\" content=\"https:\/\/www.moore.com.tr\/tr\/31-12-2025-tarihi-itibariyle-yabanci-paralarin-degerlenmesinde-kullanilacak-kurlar-aciklandi\/\" \/>\n<meta property=\"og:site_name\" content=\"Moore T\u00fcrkiye\" \/>\n<meta property=\"article:published_time\" content=\"2026-01-22T08:33:24+00:00\" \/>\n<meta property=\"article:modified_time\" content=\"2026-02-03T08:37:06+00:00\" \/>\n<meta property=\"og:image\" content=\"https:\/\/www.moore.com.tr\/wp-content\/uploads\/sites\/5\/2026\/02\/31-12-2025-tarihi-itibariyle-yabanci-paralarin-degerlenmesinde-kullanilacak-kurlar-aciklandi.png\" \/>\n\t<meta property=\"og:image:width\" content=\"994\" \/>\n\t<meta property=\"og:image:height\" content=\"560\" \/>\n\t<meta property=\"og:image:type\" content=\"image\/png\" \/>\n<meta name=\"author\" content=\"Moore T\u00fcrkiye\" \/>\n<meta name=\"twitter:card\" content=\"summary_large_image\" \/>\n<meta name=\"twitter:label1\" content=\"Written by\" \/>\n\t<meta name=\"twitter:data1\" content=\"Moore T\u00fcrkiye\" \/>\n\t<meta name=\"twitter:label2\" content=\"Est. reading time\" \/>\n\t<meta name=\"twitter:data2\" content=\"2 dakika\" \/>\n<script type=\"application\/ld+json\" class=\"yoast-schema-graph\">{\"@context\":\"https:\\\/\\\/schema.org\",\"@graph\":[{\"@type\":\"Article\",\"@id\":\"https:\\\/\\\/www.moore.com.tr\\\/31-12-2025-tarihi-itibariyle-yabanci-paralarin-degerlenmesinde-kullanilacak-kurlar-aciklandi\\\/#article\",\"isPartOf\":{\"@id\":\"https:\\\/\\\/www.moore.com.tr\\\/31-12-2025-tarihi-itibariyle-yabanci-paralarin-degerlenmesinde-kullanilacak-kurlar-aciklandi\\\/\"},\"author\":{\"name\":\"Moore T\u00fcrkiye\",\"@id\":\"https:\\\/\\\/www.moore.com.tr\\\/#\\\/schema\\\/person\\\/b325e7b674231881f8bcfc8b6aa9ca2f\"},\"headline\":\"31.12.2025 Tarihi \u0130tibariyle Yabanc\u0131 Paralar\u0131n De\u011ferlenmesinde Kullan\u0131lacak Kurlar A\u00e7\u0131kland\u0131\",\"datePublished\":\"2026-01-22T08:33:24+00:00\",\"dateModified\":\"2026-02-03T08:37:06+00:00\",\"mainEntityOfPage\":{\"@id\":\"https:\\\/\\\/www.moore.com.tr\\\/31-12-2025-tarihi-itibariyle-yabanci-paralarin-degerlenmesinde-kullanilacak-kurlar-aciklandi\\\/\"},\"wordCount\":240,\"image\":{\"@id\":\"https:\\\/\\\/www.moore.com.tr\\\/31-12-2025-tarihi-itibariyle-yabanci-paralarin-degerlenmesinde-kullanilacak-kurlar-aciklandi\\\/#primaryimage\"},\"thumbnailUrl\":\"https:\\\/\\\/www.moore.com.tr\\\/wp-content\\\/uploads\\\/sites\\\/5\\\/2026\\\/02\\\/31-12-2025-tarihi-itibariyle-yabanci-paralarin-degerlenmesinde-kullanilacak-kurlar-aciklandi.png\",\"articleSection\":[\"Sirk\u00fcler\"],\"inLanguage\":\"tr\"},{\"@type\":\"WebPage\",\"@id\":\"https:\\\/\\\/www.moore.com.tr\\\/31-12-2025-tarihi-itibariyle-yabanci-paralarin-degerlenmesinde-kullanilacak-kurlar-aciklandi\\\/\",\"url\":\"https:\\\/\\\/www.moore.com.tr\\\/31-12-2025-tarihi-itibariyle-yabanci-paralarin-degerlenmesinde-kullanilacak-kurlar-aciklandi\\\/\",\"name\":\"31.12.2025 Tarihi \u0130tibariyle Yabanc\u0131 Paralar\u0131n De\u011ferlenmesinde Kullan\u0131lacak Kurlar A\u00e7\u0131kland\u0131 - Moore T\u00fcrkiye\",\"isPartOf\":{\"@id\":\"https:\\\/\\\/www.moore.com.tr\\\/#website\"},\"primaryImageOfPage\":{\"@id\":\"https:\\\/\\\/www.moore.com.tr\\\/31-12-2025-tarihi-itibariyle-yabanci-paralarin-degerlenmesinde-kullanilacak-kurlar-aciklandi\\\/#primaryimage\"},\"image\":{\"@id\":\"https:\\\/\\\/www.moore.com.tr\\\/31-12-2025-tarihi-itibariyle-yabanci-paralarin-degerlenmesinde-kullanilacak-kurlar-aciklandi\\\/#primaryimage\"},\"thumbnailUrl\":\"https:\\\/\\\/www.moore.com.tr\\\/wp-content\\\/uploads\\\/sites\\\/5\\\/2026\\\/02\\\/31-12-2025-tarihi-itibariyle-yabanci-paralarin-degerlenmesinde-kullanilacak-kurlar-aciklandi.png\",\"datePublished\":\"2026-01-22T08:33:24+00:00\",\"dateModified\":\"2026-02-03T08:37:06+00:00\",\"author\":{\"@id\":\"https:\\\/\\\/www.moore.com.tr\\\/#\\\/schema\\\/person\\\/b325e7b674231881f8bcfc8b6aa9ca2f\"},\"breadcrumb\":{\"@id\":\"https:\\\/\\\/www.moore.com.tr\\\/31-12-2025-tarihi-itibariyle-yabanci-paralarin-degerlenmesinde-kullanilacak-kurlar-aciklandi\\\/#breadcrumb\"},\"inLanguage\":\"tr\",\"potentialAction\":[{\"@type\":\"ReadAction\",\"target\":[\"https:\\\/\\\/www.moore.com.tr\\\/31-12-2025-tarihi-itibariyle-yabanci-paralarin-degerlenmesinde-kullanilacak-kurlar-aciklandi\\\/\"]}]},{\"@type\":\"ImageObject\",\"inLanguage\":\"tr\",\"@id\":\"https:\\\/\\\/www.moore.com.tr\\\/31-12-2025-tarihi-itibariyle-yabanci-paralarin-degerlenmesinde-kullanilacak-kurlar-aciklandi\\\/#primaryimage\",\"url\":\"https:\\\/\\\/www.moore.com.tr\\\/wp-content\\\/uploads\\\/sites\\\/5\\\/2026\\\/02\\\/31-12-2025-tarihi-itibariyle-yabanci-paralarin-degerlenmesinde-kullanilacak-kurlar-aciklandi.png\",\"contentUrl\":\"https:\\\/\\\/www.moore.com.tr\\\/wp-content\\\/uploads\\\/sites\\\/5\\\/2026\\\/02\\\/31-12-2025-tarihi-itibariyle-yabanci-paralarin-degerlenmesinde-kullanilacak-kurlar-aciklandi.png\",\"width\":994,\"height\":560},{\"@type\":\"BreadcrumbList\",\"@id\":\"https:\\\/\\\/www.moore.com.tr\\\/31-12-2025-tarihi-itibariyle-yabanci-paralarin-degerlenmesinde-kullanilacak-kurlar-aciklandi\\\/#breadcrumb\",\"itemListElement\":[{\"@type\":\"ListItem\",\"position\":1,\"name\":\"Home\",\"item\":\"https:\\\/\\\/www.moore.com.tr\\\/\"},{\"@type\":\"ListItem\",\"position\":2,\"name\":\"31.12.2025 Tarihi \u0130tibariyle Yabanc\u0131 Paralar\u0131n De\u011ferlenmesinde Kullan\u0131lacak Kurlar A\u00e7\u0131kland\u0131\"}]},{\"@type\":\"WebSite\",\"@id\":\"https:\\\/\\\/www.moore.com.tr\\\/#website\",\"url\":\"https:\\\/\\\/www.moore.com.tr\\\/\",\"name\":\"Moore T\u00fcrkiye\",\"description\":\"Bu, Moore T\u00fcrkiye&#039; nin ana sitesidir.\",\"potentialAction\":[{\"@type\":\"SearchAction\",\"target\":{\"@type\":\"EntryPoint\",\"urlTemplate\":\"https:\\\/\\\/www.moore.com.tr\\\/?s={search_term_string}\"},\"query-input\":{\"@type\":\"PropertyValueSpecification\",\"valueRequired\":true,\"valueName\":\"search_term_string\"}}],\"inLanguage\":\"tr\"},{\"@type\":\"Person\",\"@id\":\"https:\\\/\\\/www.moore.com.tr\\\/#\\\/schema\\\/person\\\/b325e7b674231881f8bcfc8b6aa9ca2f\",\"name\":\"Moore T\u00fcrkiye\",\"image\":{\"@type\":\"ImageObject\",\"inLanguage\":\"tr\",\"@id\":\"https:\\\/\\\/secure.gravatar.com\\\/avatar\\\/e767defd0ad511b9187825a14d10d9d83fb0c9aa42d19777d03c1f7f64da4df2?s=96&d=mm&r=g\",\"url\":\"https:\\\/\\\/secure.gravatar.com\\\/avatar\\\/e767defd0ad511b9187825a14d10d9d83fb0c9aa42d19777d03c1f7f64da4df2?s=96&d=mm&r=g\",\"contentUrl\":\"https:\\\/\\\/secure.gravatar.com\\\/avatar\\\/e767defd0ad511b9187825a14d10d9d83fb0c9aa42d19777d03c1f7f64da4df2?s=96&d=mm&r=g\",\"caption\":\"Moore T\u00fcrkiye\"},\"url\":\"https:\\\/\\\/www.moore.com.tr\\\/tr\\\/author\\\/eroltuzal\\\/\"}]}<\/script>\n<!-- \/ Yoast SEO plugin. -->","yoast_head_json":{"title":"31.12.2025 Tarihi \u0130tibariyle Yabanc\u0131 Paralar\u0131n De\u011ferlenmesinde Kullan\u0131lacak Kurlar A\u00e7\u0131kland\u0131 - Moore T\u00fcrkiye","robots":{"index":"index","follow":"follow","max-snippet":"max-snippet:-1","max-image-preview":"max-image-preview:large","max-video-preview":"max-video-preview:-1"},"canonical":"https:\/\/www.moore.com.tr\/tr\/31-12-2025-tarihi-itibariyle-yabanci-paralarin-degerlenmesinde-kullanilacak-kurlar-aciklandi\/","og_locale":"tr_TR","og_type":"article","og_title":"31.12.2025 Tarihi \u0130tibariyle Yabanc\u0131 Paralar\u0131n De\u011ferlenmesinde Kullan\u0131lacak Kurlar A\u00e7\u0131kland\u0131 - Moore T\u00fcrkiye","og_description":"Sirk\u00fcler\u00a02026 &#8211; 020 31.12.2025 Tarihi \u0130tibariyle Yabanc\u0131 Paralar\u0131n De\u011ferlenmesinde Kullan\u0131lacak Kurlar A\u00e7\u0131kland\u0131 24 Ocak 2026 tarih\u00a0 ve 33147 say\u0131l\u0131 Resm\u00ee Gazete \u2019de yay\u0131mlanan 590 s\u0131ra numaral\u0131 Vergi Usul Kanunu Genel Tebli\u011fi ile borsada rayici olmayan yabanc\u0131 paralar\u0131n ve bu paralarla olan senetli ve senetsiz alacak ve bor\u00e7lar\u0131n 31 Aral\u0131k 2025 tarihi itibar\u0131yla de\u011ferlenmesinde dikkate al\u0131nmas\u0131 [&hellip;]","og_url":"https:\/\/www.moore.com.tr\/tr\/31-12-2025-tarihi-itibariyle-yabanci-paralarin-degerlenmesinde-kullanilacak-kurlar-aciklandi\/","og_site_name":"Moore T\u00fcrkiye","article_published_time":"2026-01-22T08:33:24+00:00","article_modified_time":"2026-02-03T08:37:06+00:00","og_image":[{"width":994,"height":560,"url":"https:\/\/www.moore.com.tr\/wp-content\/uploads\/sites\/5\/2026\/02\/31-12-2025-tarihi-itibariyle-yabanci-paralarin-degerlenmesinde-kullanilacak-kurlar-aciklandi.png","type":"image\/png"}],"author":"Moore T\u00fcrkiye","twitter_card":"summary_large_image","twitter_misc":{"Written by":"Moore T\u00fcrkiye","Est. reading time":"2 dakika"},"schema":{"@context":"https:\/\/schema.org","@graph":[{"@type":"Article","@id":"https:\/\/www.moore.com.tr\/31-12-2025-tarihi-itibariyle-yabanci-paralarin-degerlenmesinde-kullanilacak-kurlar-aciklandi\/#article","isPartOf":{"@id":"https:\/\/www.moore.com.tr\/31-12-2025-tarihi-itibariyle-yabanci-paralarin-degerlenmesinde-kullanilacak-kurlar-aciklandi\/"},"author":{"name":"Moore T\u00fcrkiye","@id":"https:\/\/www.moore.com.tr\/#\/schema\/person\/b325e7b674231881f8bcfc8b6aa9ca2f"},"headline":"31.12.2025 Tarihi \u0130tibariyle Yabanc\u0131 Paralar\u0131n De\u011ferlenmesinde Kullan\u0131lacak Kurlar A\u00e7\u0131kland\u0131","datePublished":"2026-01-22T08:33:24+00:00","dateModified":"2026-02-03T08:37:06+00:00","mainEntityOfPage":{"@id":"https:\/\/www.moore.com.tr\/31-12-2025-tarihi-itibariyle-yabanci-paralarin-degerlenmesinde-kullanilacak-kurlar-aciklandi\/"},"wordCount":240,"image":{"@id":"https:\/\/www.moore.com.tr\/31-12-2025-tarihi-itibariyle-yabanci-paralarin-degerlenmesinde-kullanilacak-kurlar-aciklandi\/#primaryimage"},"thumbnailUrl":"https:\/\/www.moore.com.tr\/wp-content\/uploads\/sites\/5\/2026\/02\/31-12-2025-tarihi-itibariyle-yabanci-paralarin-degerlenmesinde-kullanilacak-kurlar-aciklandi.png","articleSection":["Sirk\u00fcler"],"inLanguage":"tr"},{"@type":"WebPage","@id":"https:\/\/www.moore.com.tr\/31-12-2025-tarihi-itibariyle-yabanci-paralarin-degerlenmesinde-kullanilacak-kurlar-aciklandi\/","url":"https:\/\/www.moore.com.tr\/31-12-2025-tarihi-itibariyle-yabanci-paralarin-degerlenmesinde-kullanilacak-kurlar-aciklandi\/","name":"31.12.2025 Tarihi \u0130tibariyle Yabanc\u0131 Paralar\u0131n De\u011ferlenmesinde Kullan\u0131lacak Kurlar A\u00e7\u0131kland\u0131 - Moore T\u00fcrkiye","isPartOf":{"@id":"https:\/\/www.moore.com.tr\/#website"},"primaryImageOfPage":{"@id":"https:\/\/www.moore.com.tr\/31-12-2025-tarihi-itibariyle-yabanci-paralarin-degerlenmesinde-kullanilacak-kurlar-aciklandi\/#primaryimage"},"image":{"@id":"https:\/\/www.moore.com.tr\/31-12-2025-tarihi-itibariyle-yabanci-paralarin-degerlenmesinde-kullanilacak-kurlar-aciklandi\/#primaryimage"},"thumbnailUrl":"https:\/\/www.moore.com.tr\/wp-content\/uploads\/sites\/5\/2026\/02\/31-12-2025-tarihi-itibariyle-yabanci-paralarin-degerlenmesinde-kullanilacak-kurlar-aciklandi.png","datePublished":"2026-01-22T08:33:24+00:00","dateModified":"2026-02-03T08:37:06+00:00","author":{"@id":"https:\/\/www.moore.com.tr\/#\/schema\/person\/b325e7b674231881f8bcfc8b6aa9ca2f"},"breadcrumb":{"@id":"https:\/\/www.moore.com.tr\/31-12-2025-tarihi-itibariyle-yabanci-paralarin-degerlenmesinde-kullanilacak-kurlar-aciklandi\/#breadcrumb"},"inLanguage":"tr","potentialAction":[{"@type":"ReadAction","target":["https:\/\/www.moore.com.tr\/31-12-2025-tarihi-itibariyle-yabanci-paralarin-degerlenmesinde-kullanilacak-kurlar-aciklandi\/"]}]},{"@type":"ImageObject","inLanguage":"tr","@id":"https:\/\/www.moore.com.tr\/31-12-2025-tarihi-itibariyle-yabanci-paralarin-degerlenmesinde-kullanilacak-kurlar-aciklandi\/#primaryimage","url":"https:\/\/www.moore.com.tr\/wp-content\/uploads\/sites\/5\/2026\/02\/31-12-2025-tarihi-itibariyle-yabanci-paralarin-degerlenmesinde-kullanilacak-kurlar-aciklandi.png","contentUrl":"https:\/\/www.moore.com.tr\/wp-content\/uploads\/sites\/5\/2026\/02\/31-12-2025-tarihi-itibariyle-yabanci-paralarin-degerlenmesinde-kullanilacak-kurlar-aciklandi.png","width":994,"height":560},{"@type":"BreadcrumbList","@id":"https:\/\/www.moore.com.tr\/31-12-2025-tarihi-itibariyle-yabanci-paralarin-degerlenmesinde-kullanilacak-kurlar-aciklandi\/#breadcrumb","itemListElement":[{"@type":"ListItem","position":1,"name":"Home","item":"https:\/\/www.moore.com.tr\/"},{"@type":"ListItem","position":2,"name":"31.12.2025 Tarihi \u0130tibariyle Yabanc\u0131 Paralar\u0131n De\u011ferlenmesinde Kullan\u0131lacak Kurlar A\u00e7\u0131kland\u0131"}]},{"@type":"WebSite","@id":"https:\/\/www.moore.com.tr\/#website","url":"https:\/\/www.moore.com.tr\/","name":"Moore T\u00fcrkiye","description":"Bu, Moore T\u00fcrkiye&#039; nin ana sitesidir.","potentialAction":[{"@type":"SearchAction","target":{"@type":"EntryPoint","urlTemplate":"https:\/\/www.moore.com.tr\/?s={search_term_string}"},"query-input":{"@type":"PropertyValueSpecification","valueRequired":true,"valueName":"search_term_string"}}],"inLanguage":"tr"},{"@type":"Person","@id":"https:\/\/www.moore.com.tr\/#\/schema\/person\/b325e7b674231881f8bcfc8b6aa9ca2f","name":"Moore T\u00fcrkiye","image":{"@type":"ImageObject","inLanguage":"tr","@id":"https:\/\/secure.gravatar.com\/avatar\/e767defd0ad511b9187825a14d10d9d83fb0c9aa42d19777d03c1f7f64da4df2?s=96&d=mm&r=g","url":"https:\/\/secure.gravatar.com\/avatar\/e767defd0ad511b9187825a14d10d9d83fb0c9aa42d19777d03c1f7f64da4df2?s=96&d=mm&r=g","contentUrl":"https:\/\/secure.gravatar.com\/avatar\/e767defd0ad511b9187825a14d10d9d83fb0c9aa42d19777d03c1f7f64da4df2?s=96&d=mm&r=g","caption":"Moore T\u00fcrkiye"},"url":"https:\/\/www.moore.com.tr\/tr\/author\/eroltuzal\/"}]}},"_links":{"self":[{"href":"https:\/\/www.moore.com.tr\/tr\/wp-json\/wp\/v2\/posts\/514","targetHints":{"allow":["GET"]}}],"collection":[{"href":"https:\/\/www.moore.com.tr\/tr\/wp-json\/wp\/v2\/posts"}],"about":[{"href":"https:\/\/www.moore.com.tr\/tr\/wp-json\/wp\/v2\/types\/post"}],"author":[{"embeddable":true,"href":"https:\/\/www.moore.com.tr\/tr\/wp-json\/wp\/v2\/users\/19"}],"replies":[{"embeddable":true,"href":"https:\/\/www.moore.com.tr\/tr\/wp-json\/wp\/v2\/comments?post=514"}],"version-history":[{"count":0,"href":"https:\/\/www.moore.com.tr\/tr\/wp-json\/wp\/v2\/posts\/514\/revisions"}],"wp:featuredmedia":[{"embeddable":true,"href":"https:\/\/www.moore.com.tr\/tr\/wp-json\/wp\/v2\/media\/515"}],"wp:attachment":[{"href":"https:\/\/www.moore.com.tr\/tr\/wp-json\/wp\/v2\/media?parent=514"}],"wp:term":[{"taxonomy":"category","embeddable":true,"href":"https:\/\/www.moore.com.tr\/tr\/wp-json\/wp\/v2\/categories?post=514"},{"taxonomy":"post_tag","embeddable":true,"href":"https:\/\/www.moore.com.tr\/tr\/wp-json\/wp\/v2\/tags?post=514"},{"taxonomy":"location","embeddable":true,"href":"https:\/\/www.moore.com.tr\/tr\/wp-json\/wp\/v2\/location?post=514"}],"curies":[{"name":"wp","href":"https:\/\/api.w.org\/{rel}","templated":true}]}}